{"id":727,"date":"2011-03-26T19:51:27","date_gmt":"2011-03-26T22:51:27","guid":{"rendered":"http:\/\/www.decisaoclinica.com\/blog\/?p=727"},"modified":"2011-03-26T19:51:27","modified_gmt":"2011-03-26T22:51:27","slug":"a-classificac%cc%a7a%cc%83o-internacional-de-funcionalidade-incapacidade-e-saude-cif","status":"publish","type":"post","link":"https:\/\/www.usinadepesquisa.com\/?p=727","title":{"rendered":"A Classifica\u00e7\u00e3o Internacional de Funcionalidade, Incapacidade e Sa\u00fade (CIF)"},"content":{"rendered":"<p>A Classifica\u00e7\u00e3o Internacional de Funcionalidade, Incapacidade e Sa\u00fade  (CIF), faz parte da \u201cfam\u00edlia\u201d de classifica\u00e7\u00f5es desenvolvida pela  Organiza\u00e7\u00e3o Mundial da Sa\u00fade (OMS).<\/p>\n<ul>\n<li><a href=\"http:\/\/www.scielosp.org\/pdf\/rbepid\/v8n2\/11.pdf\">http:\/\/www.scielosp.org\/pdf\/rbepid\/v8n2\/11.pdf<\/a><\/li>\n<li><a href=\"http:\/\/arquivo.ese.ips.pt\/ese\/cursos\/edespecial\/CIFIS.pdf\">http:\/\/arquivo.ese.ips.pt\/ese\/cursos\/edespecial\/CIFIS.pdf<\/a><\/li>\n<li><a href=\"http:\/\/www.who.int\/classifications\/icf\/en\/\">http:\/\/www.who.int\/classifications\/icf\/en\/<\/a><\/li>\n<\/ul>\n<p><a href=\"http:\/\/www.decisaoclinica.com\/blog\/wp-content\/uploads\/2011\/03\/cif.png\"><img loading=\"lazy\" decoding=\"async\" class=\"alignnone size-full wp-image-765\" title=\"cif\" src=\"http:\/\/www.decisaoclinica.com\/blog\/wp-content\/uploads\/2011\/03\/cif.png\" alt=\"\" width=\"714\" height=\"558\" \/><\/a><\/p>\n<p><a href=\"http:\/\/www.decisaoclinica.com\/blog\/wp-content\/uploads\/2011\/03\/cif2.png\"><img loading=\"lazy\" decoding=\"async\" class=\"alignnone size-full wp-image-766\" title=\"cif2\" src=\"http:\/\/www.decisaoclinica.com\/blog\/wp-content\/uploads\/2011\/03\/cif2.png\" alt=\"\" width=\"660\" height=\"345\" \/><\/a><\/p>\n","protected":false},"excerpt":{"rendered":"<p>A Classifica\u00e7\u00e3o Internacional de Funcionalidade, Incapacidade e Sa\u00fade (CIF), faz parte da \u201cfam\u00edlia\u201d de classifica\u00e7\u00f5es desenvolvida pela Organiza\u00e7\u00e3o Mundial da Sa\u00fade (OMS). http:\/\/www.scielosp.org\/pdf\/rbepid\/v8n2\/11.pdf http:\/\/arquivo.ese.ips.pt\/ese\/cursos\/edespecial\/CIFIS.pdf http:\/\/www.who.int\/classifications\/icf\/en\/<\/p>\n","protected":false},"author":1,"featured_media":0,"comment_status":"closed","ping_status":"closed","sticky":false,"template":"","format":"standard","meta":{"footnotes":""},"categories":[4,1],"tags":[],"class_list":{"0":"post-727","1":"post","2":"type-post","3":"status-publish","4":"format-standard","6":"category-geral","7":"category-uncategorized","8":"czr-hentry"},"_links":{"self":[{"href":"https:\/\/www.usinadepesquisa.com\/index.php?rest_route=\/wp\/v2\/posts\/727","targetHints":{"allow":["GET"]}}],"collection":[{"href":"https:\/\/www.usinadepesquisa.com\/index.php?rest_route=\/wp\/v2\/posts"}],"about":[{"href":"https:\/\/www.usinadepesquisa.com\/index.php?rest_route=\/wp\/v2\/types\/post"}],"author":[{"embeddable":true,"href":"https:\/\/www.usinadepesquisa.com\/index.php?rest_route=\/wp\/v2\/users\/1"}],"replies":[{"embeddable":true,"href":"https:\/\/www.usinadepesquisa.com\/index.php?rest_route=%2Fwp%2Fv2%2Fcomments&post=727"}],"version-history":[{"count":0,"href":"https:\/\/www.usinadepesquisa.com\/index.php?rest_route=\/wp\/v2\/posts\/727\/revisions"}],"wp:attachment":[{"href":"https:\/\/www.usinadepesquisa.com\/index.php?rest_route=%2Fwp%2Fv2%2Fmedia&parent=727"}],"wp:term":[{"taxonomy":"category","embeddable":true,"href":"https:\/\/www.usinadepesquisa.com\/index.php?rest_route=%2Fwp%2Fv2%2Fcategories&post=727"},{"taxonomy":"post_tag","embeddable":true,"href":"https:\/\/www.usinadepesquisa.com\/index.php?rest_route=%2Fwp%2Fv2%2Ftags&post=727"}],"curies":[{"name":"wp","href":"https:\/\/api.w.org\/{rel}","templated":true}]}}